{"id":2828,"date":"2026-01-27T15:13:03","date_gmt":"2026-01-27T09:43:03","guid":{"rendered":"https:\/\/ambcolombo.esteri.it\/?p=2828"},"modified":"2026-01-27T17:51:24","modified_gmt":"2026-01-27T12:21:24","slug":"commemorazione-della-giornata-della-memoria","status":"publish","type":"post","link":"https:\/\/ambcolombo.esteri.it\/it\/news\/dall_ambasciata\/2026\/01\/commemorazione-della-giornata-della-memoria\/","title":{"rendered":"Commemorazione della Giornata della Memoria"},"content":{"rendered":"<div class=\"entry-content\">\n<div class=\"entry-content\">\n<p data-start=\"1639\" data-end=\"1938\">In occasione del <strong>Giorno della Memoria<\/strong>, l\u2019Ambasciata d\u2019Italia a Colombo rende omaggio alle vittime della <strong>Shoah<\/strong> e onora i sopravvissuti, riaffermando il valore della memoria come responsabilit\u00e0 collettiva verso il futuro e come fondamento della dignit\u00e0 umana, della libert\u00e0 e dei valori democratici.<\/p>\n<p data-start=\"1940\" data-end=\"2490\">Nel suo <a href=\"https:\/\/www.esteri.it\/it\/sala_stampa\/archivionotizie\/comunicati\/2026\/01\/videomessaggio-giornata-della-memoria\/\">messaggio<\/a> per il 27 gennaio, il Vice Presidente del Consiglio e Ministro degli Affari Esteri, On. <strong>Antonio Tajani<\/strong> ha ricordato che <em data-start=\"2073\" data-end=\"2159\">\u201cla memoria non \u00e8 un rito formale, ma una responsabilit\u00e0 collettiva verso il futuro\u201d<\/em>, sottolineando che ricordare non basta, ma occorre vigilare contro un antisemitismo che non \u00e8 scomparso e che oggi si diffonde anche online. Ha inoltre evidenziato come l\u2019antidoto a questo odio risieda nella memoria, nella conoscenza e nel rispetto, valori incompatibili con ogni forma di discriminazione e negazione della storia.<\/p>\n<p data-start=\"2492\" data-end=\"2523\"><strong data-start=\"2492\" data-end=\"2523\">Mai pi\u00f9. <\/strong><\/p>\n<\/div>\n<\/div>\n","protected":false},"excerpt":{"rendered":"In occasione del Giorno della Memoria, l\u2019Ambasciata d\u2019Italia a Colombo rende omaggio alle vittime della Shoah e onora i sopravvissuti, riaffermando il valore della memoria come responsabilit\u00e0 collettiva verso il futuro e come fondamento della dignit\u00e0 umana, della libert\u00e0 e dei valori democratici. Nel suo messaggio per il 27 gennaio, il Vice Presidente del Consiglio [&hellip;]","protected":false},"author":4,"featured_media":2831,"comment_status":"closed","ping_status":"closed","sticky":false,"template":"","format":"standard","meta":{"footnotes":""},"tags":[],"class_list":["post-2828","post","type-post","status-publish","format-standard","has-post-thumbnail","hentry"],"_links":{"self":[{"href":"https:\/\/ambcolombo.esteri.it\/it\/wp-json\/wp\/v2\/posts\/2828","targetHints":{"allow":["GET"]}}],"collection":[{"href":"https:\/\/ambcolombo.esteri.it\/it\/wp-json\/wp\/v2\/posts"}],"about":[{"href":"https:\/\/ambcolombo.esteri.it\/it\/wp-json\/wp\/v2\/types\/post"}],"author":[{"embeddable":true,"href":"https:\/\/ambcolombo.esteri.it\/it\/wp-json\/wp\/v2\/users\/4"}],"replies":[{"embeddable":true,"href":"https:\/\/ambcolombo.esteri.it\/it\/wp-json\/wp\/v2\/comments?post=2828"}],"version-history":[{"count":2,"href":"https:\/\/ambcolombo.esteri.it\/it\/wp-json\/wp\/v2\/posts\/2828\/revisions"}],"predecessor-version":[{"id":2843,"href":"https:\/\/ambcolombo.esteri.it\/it\/wp-json\/wp\/v2\/posts\/2828\/revisions\/2843"}],"wp:featuredmedia":[{"embeddable":true,"href":"https:\/\/ambcolombo.esteri.it\/it\/wp-json\/wp\/v2\/media\/2831"}],"wp:attachment":[{"href":"https:\/\/ambcolombo.esteri.it\/it\/wp-json\/wp\/v2\/media?parent=2828"}],"wp:term":[{"taxonomy":"post_tag","embeddable":true,"href":"https:\/\/ambcolombo.esteri.it\/it\/wp-json\/wp\/v2\/tags?post=2828"}],"curies":[{"name":"wp","href":"https:\/\/api.w.org\/{rel}","templated":true}]}}